{"id":317,"date":"2025-12-09T14:33:22","date_gmt":"2025-12-09T14:33:22","guid":{"rendered":"https:\/\/havnekvartalet.com\/?p=317"},"modified":"2026-02-06T08:34:26","modified_gmt":"2026-02-06T08:34:26","slug":"karina-tar-over-etter-katrine","status":"publish","type":"post","link":"https:\/\/havnekvartalet.com\/en\/karina-tar-over-etter-katrine\/","title":{"rendered":"Karina tar over etter Katrine"},"content":{"rendered":"<p>Katrine blir fra januar 2026 reiselivssjef i Visit Hammerfest. Det inneb\u00e6rer at hun dessverre m\u00e5 forlate sitt faste engasjement som kommunikasjonsr\u00e5dgiver og samfunnskontakt hos oss i Havnekvartalet. Vi \u00f8nsker Katrine lykke til i sin nye rolle, selv om hun vil bli savnet her hos oss!<\/p>\n\n\n<figure><img fetchpriority=\"high\" decoding=\"async\" src=\"https:\/\/havnekvartalet.com\/wp-content\/uploads\/2025\/12\/havnekvartalet-pro-barents-1-1024x768.jpg\" alt=\"\" width=\"800\" height=\"600\" \/><br \/>\n<figcaption>Fra venstre: Adm. dir i Pro Barents Nina Kivijervi Jonassen, Karina Hansen, Katrine N\u00e6ss og \u00c5ge Alexandersen. Foto: Markus S\u00e6ter<\/figcaption>\n<\/figure>\n\n\n<p>Samtidig har vi gleden av \u00e5 inng\u00e5 et nytt samarbeid med det lokale utviklingsselskapet Pro Barents, der Karina Hansen overtar engasjementet som kommunikasjonsansvarlig. Pro Barents arbeider for&nbsp;nyskaping og vekst i n\u00e6ringslivet&nbsp;gjennom bedriftsutvikling,&nbsp;n\u00e6ringsutvikling, samt nettverksbygging.&nbsp;De brenner for en b\u00e6rekraftig utvikling i nord, og leverer&nbsp;r\u00e5dgivningstjenester&nbsp;til oppstartsbedrifter, etablerte bedrifter og prosjekter. Karina er forretningsutvikler, og har god erfaring innen kommunikasjon, sosiale medier og visuell markedsf\u00f8ring. Med seg p\u00e5 laget har hun et solid team, blant annet r\u00e5dgiver\/Trainee Markus S\u00e6ter som er god p\u00e5 video. Han har utdannet seg innen b\u00e6rekraftsledelse, og har markedsf\u00f8ring i bunnen.<\/p>\n\n\n\n<p>&nbsp;<\/p>\n\n\n\n<p>Vi ser frem til at deres kompetanse, erfaringer og nettverk skal komme Havnekvartalet til gode!<\/p>\n\n\n\n<p>&nbsp;<\/p>","protected":false},"excerpt":{"rendered":"<p>Katrine blir fra januar 2026 reiselivssjef i Visit Hammerfest. Det inneb\u00e6rer at hun dessverre m\u00e5 forlate sitt faste engasjement som kommunikasjonsr\u00e5dgiver og samfunnskontakt hos oss i Havnekvartalet. Vi \u00f8nsker Katrine lykke til i sin nye rolle, selv om hun vil bli savnet her hos oss! Fra venstre: Adm. dir i Pro Barents Nina Kivijervi Jonassen, [&hellip;]<\/p>\n","protected":false},"author":7,"featured_media":321,"comment_status":"closed","ping_status":"closed","sticky":false,"template":"","format":"standard","meta":{"_acf_changed":false,"footnotes":""},"categories":[1],"tags":[11,20],"class_list":["post-317","post","type-post","status-publish","format-standard","has-post-thumbnail","hentry","category-uncategorized","tag-byutvikling","tag-kommunikasjon"],"acf":[],"_links":{"self":[{"href":"https:\/\/havnekvartalet.com\/en\/wp-json\/wp\/v2\/posts\/317","targetHints":{"allow":["GET"]}}],"collection":[{"href":"https:\/\/havnekvartalet.com\/en\/wp-json\/wp\/v2\/posts"}],"about":[{"href":"https:\/\/havnekvartalet.com\/en\/wp-json\/wp\/v2\/types\/post"}],"author":[{"embeddable":true,"href":"https:\/\/havnekvartalet.com\/en\/wp-json\/wp\/v2\/users\/7"}],"replies":[{"embeddable":true,"href":"https:\/\/havnekvartalet.com\/en\/wp-json\/wp\/v2\/comments?post=317"}],"version-history":[{"count":0,"href":"https:\/\/havnekvartalet.com\/en\/wp-json\/wp\/v2\/posts\/317\/revisions"}],"wp:featuredmedia":[{"embeddable":true,"href":"https:\/\/havnekvartalet.com\/en\/wp-json\/wp\/v2\/media\/321"}],"wp:attachment":[{"href":"https:\/\/havnekvartalet.com\/en\/wp-json\/wp\/v2\/media?parent=317"}],"wp:term":[{"taxonomy":"category","embeddable":true,"href":"https:\/\/havnekvartalet.com\/en\/wp-json\/wp\/v2\/categories?post=317"},{"taxonomy":"post_tag","embeddable":true,"href":"https:\/\/havnekvartalet.com\/en\/wp-json\/wp\/v2\/tags?post=317"}],"curies":[{"name":"wp","href":"https:\/\/api.w.org\/{rel}","templated":true}]}}